{"@context":"https:\/\/schema.org\/","@type":"CollectionPage","@id":"https:\/\/www.cewood.cz\/dum-a-zahrada\/#CollectionPage","headline":"D\u016fm a zahrada Category","description":"","url":"https:\/\/www.cewood.cz\/dum-a-zahrada\/","hasPart":[{"@type":"Article","@id":"https:\/\/www.cewood.cz\/netradicni-dum-ktery-zaujme\/","headline":"Netradi\u010dn\u00ed d\u016fm, kter\u00fd zaujme","url":"https:\/\/www.cewood.cz\/netradicni-dum-ktery-zaujme\/","datePublished":"2024-07-12","dateModified":"2024-07-12","mainEntityOfPage":"https:\/\/www.cewood.cz\/netradicni-dum-ktery-zaujme\/","author":{"@type":"Person","@id":"https:\/\/www.cewood.cz\/author\/devene\/#Person","name":"devene","url":"https:\/\/www.cewood.cz\/author\/devene\/","identifier":1,"image":{"@type":"ImageObject","@id":"https:\/\/secure.gravatar.com\/avatar\/9d25b0af9840660883a67790aa4f595ddc226aa4680c4cf7bc03a25c14fcef85?s=96&d=mm&r=g","url":"https:\/\/secure.gravatar.com\/avatar\/9d25b0af9840660883a67790aa4f595ddc226aa4680c4cf7bc03a25c14fcef85?s=96&d=mm&r=g","height":96,"width":96}},"publisher":{"@type":"Organization","name":"cewood.cz","logo":{"@type":"ImageObject","@id":"\/logo.png","url":"\/logo.png","width":600,"height":60}},"image":{"@type":"ImageObject","@id":"https:\/\/www.cewood.cz\/wp-content\/uploads\/new-home-g4f9593075_640_10_10_10_10_10_10_10_2.jpg","url":"https:\/\/www.cewood.cz\/wp-content\/uploads\/new-home-g4f9593075_640_10_10_10_10_10_10_10_2.jpg","height":0,"width":0},"keywords":null},{"@type":"Article","@id":"https:\/\/www.cewood.cz\/co-si-tak-koupit-mobilheim\/","headline":"Co si tak koupit mobilheim?","url":"https:\/\/www.cewood.cz\/co-si-tak-koupit-mobilheim\/","datePublished":"2022-01-15","dateModified":"2023-06-08","mainEntityOfPage":"https:\/\/www.cewood.cz\/co-si-tak-koupit-mobilheim\/","author":{"@type":"Person","@id":"https:\/\/www.cewood.cz\/author\/devene\/#Person","name":"devene","url":"https:\/\/www.cewood.cz\/author\/devene\/","identifier":1,"image":{"@type":"ImageObject","@id":"https:\/\/secure.gravatar.com\/avatar\/9d25b0af9840660883a67790aa4f595ddc226aa4680c4cf7bc03a25c14fcef85?s=96&d=mm&r=g","url":"https:\/\/secure.gravatar.com\/avatar\/9d25b0af9840660883a67790aa4f595ddc226aa4680c4cf7bc03a25c14fcef85?s=96&d=mm&r=g","height":96,"width":96}},"publisher":{"@type":"Organization","name":"cewood.cz","logo":{"@type":"ImageObject","@id":"\/logo.png","url":"\/logo.png","width":600,"height":60}},"image":{"@type":"ImageObject","@id":"https:\/\/www.cewood.cz\/wp-content\/uploads\/build-a-house-g7c320a6c5_1920_1.jpg","url":"https:\/\/www.cewood.cz\/wp-content\/uploads\/build-a-house-g7c320a6c5_1920_1.jpg","height":0,"width":0},"keywords":null},{"@type":"Article","@id":"https:\/\/www.cewood.cz\/vysadte-si-do-zahrady-lecivku\/","headline":"Vysa\u010fte si do zahrady l\u00e9\u010divku","url":"https:\/\/www.cewood.cz\/vysadte-si-do-zahrady-lecivku\/","datePublished":"2019-12-16","dateModified":"2023-06-08","mainEntityOfPage":"https:\/\/www.cewood.cz\/vysadte-si-do-zahrady-lecivku\/","author":{"@type":"Person","@id":"https:\/\/www.cewood.cz\/author\/devene\/#Person","name":"devene","url":"https:\/\/www.cewood.cz\/author\/devene\/","identifier":1,"image":{"@type":"ImageObject","@id":"https:\/\/secure.gravatar.com\/avatar\/9d25b0af9840660883a67790aa4f595ddc226aa4680c4cf7bc03a25c14fcef85?s=96&d=mm&r=g","url":"https:\/\/secure.gravatar.com\/avatar\/9d25b0af9840660883a67790aa4f595ddc226aa4680c4cf7bc03a25c14fcef85?s=96&d=mm&r=g","height":96,"width":96}},"publisher":{"@type":"Organization","name":"cewood.cz","logo":{"@type":"ImageObject","@id":"\/logo.png","url":"\/logo.png","width":600,"height":60}},"image":{"@type":"ImageObject","@id":"https:\/\/www.cewood.cz\/wp-content\/uploads\/img_a365927_w4352_t1578563894.jpg","url":"https:\/\/www.cewood.cz\/wp-content\/uploads\/img_a365927_w4352_t1578563894.jpg","height":0,"width":0},"keywords":null},{"@type":"Article","@id":"https:\/\/www.cewood.cz\/u-koho-si-vzit-pujcku\/","headline":"U koho si vz\u00edt p\u016fj\u010dku?","url":"https:\/\/www.cewood.cz\/u-koho-si-vzit-pujcku\/","datePublished":"2019-12-14","dateModified":"2023-06-08","mainEntityOfPage":"https:\/\/www.cewood.cz\/u-koho-si-vzit-pujcku\/","author":{"@type":"Person","@id":"https:\/\/www.cewood.cz\/author\/devene\/#Person","name":"devene","url":"https:\/\/www.cewood.cz\/author\/devene\/","identifier":1,"image":{"@type":"ImageObject","@id":"https:\/\/secure.gravatar.com\/avatar\/9d25b0af9840660883a67790aa4f595ddc226aa4680c4cf7bc03a25c14fcef85?s=96&d=mm&r=g","url":"https:\/\/secure.gravatar.com\/avatar\/9d25b0af9840660883a67790aa4f595ddc226aa4680c4cf7bc03a25c14fcef85?s=96&d=mm&r=g","height":96,"width":96}},"publisher":{"@type":"Organization","name":"cewood.cz","logo":{"@type":"ImageObject","@id":"\/logo.png","url":"\/logo.png","width":600,"height":60}},"image":{"@type":"ImageObject","@id":"https:\/\/www.cewood.cz\/wp-content\/uploads\/img_a377728_w4352_t1589263674.jpg","url":"https:\/\/www.cewood.cz\/wp-content\/uploads\/img_a377728_w4352_t1589263674.jpg","height":0,"width":0},"keywords":null}]}