[{"@context":"https:\/\/schema.org\/","@type":"Article","@id":"https:\/\/www.cewood.cz\/mobil-pro-me\/#Article","mainEntityOfPage":"https:\/\/www.cewood.cz\/mobil-pro-me\/","headline":"Mobil pro m\u011b","name":"Mobil pro m\u011b","description":"Co byste \u0159ekli na to, kdyby v\u016fbec nebyli mobiln\u00ed telefony. J\u00e1 jsem si \u0159ekla, \u017ee bych se asi zbl\u00e1znila, proto\u017ee j\u00e1 jsem na mobiln\u00edm telefonu docela u\u017e hodn\u011b z\u00e1visl\u00e1. Proto\u017ee je mi necel\u00fdch t\u0159icet let, tak\u017ee mobiln\u00ed telefon jsem dostala u\u017e n\u011bkdy na z\u00e1kladn\u00ed \u0161kole. A ze za\u010d\u00e1tku na z\u00e1kladn\u00ed...","datePublished":"2022-07-27","dateModified":"2023-06-08","author":{"@type":"Person","@id":"https:\/\/www.cewood.cz\/author\/devene\/#Person","name":"devene","url":"https:\/\/www.cewood.cz\/author\/devene\/","identifier":1,"image":{"@type":"ImageObject","@id":"https:\/\/secure.gravatar.com\/avatar\/9d25b0af9840660883a67790aa4f595ddc226aa4680c4cf7bc03a25c14fcef85?s=96&d=mm&r=g","url":"https:\/\/secure.gravatar.com\/avatar\/9d25b0af9840660883a67790aa4f595ddc226aa4680c4cf7bc03a25c14fcef85?s=96&d=mm&r=g","height":96,"width":96}},"publisher":{"@type":"Organization","name":"cewood.cz","logo":{"@type":"ImageObject","@id":"\/logo.png","url":"\/logo.png","width":600,"height":60}},"image":{"@type":"ImageObject","@id":"https:\/\/www.cewood.cz\/wp-content\/uploads\/smartphone-569059_960_720_1.jpg","url":"https:\/\/www.cewood.cz\/wp-content\/uploads\/smartphone-569059_960_720_1.jpg","height":0,"width":0},"url":"https:\/\/www.cewood.cz\/mobil-pro-me\/","about":["Mobil"],"wordCount":449,"articleBody":"Co byste \u0159ekli na to, kdyby v\u016fbec nebyli mobiln\u00ed telefony. J\u00e1 jsem si \u0159ekla, \u017ee bych se asi zbl\u00e1znila, proto\u017ee j\u00e1 jsem na mobiln\u00edm telefonu docela u\u017e hodn\u011b z\u00e1visl\u00e1. Proto\u017ee je mi necel\u00fdch t\u0159icet let, tak\u017ee mobiln\u00ed telefon jsem dostala u\u017e n\u011bkdy na z\u00e1kladn\u00ed \u0161kole. A ze za\u010d\u00e1tku na z\u00e1kladn\u00ed \u0161kole m\u011b mobiln\u00ed telefon v\u016fbec nezaj\u00edmal a v\u016fbec jsem ani nev\u011bd\u011bla, pro\u010d mi ho rodi\u010de v\u016fbec po\u0159\u00eddil, A kdy\u017e to takhle beru zp\u011btn\u011b a vzpom\u00edn\u00e1m na minulost, tak jsem vlastn\u011b byla \u00fapln\u011b \u0161\u0165astn\u00e9 d\u00edt\u011b. Proto\u017ee mi \u0159ekn\u011bte, kdo by se neradoval za to, \u017ee by mu rodi\u010de jenom tak ze dne na den koupili mobiln\u00ed telefon? A ve t\u0159\u00edd\u011b jsem byla vlastn\u011b takov\u00fd skoro B\u016fh, proto\u017ee jsem m\u011bla mobiln\u00ed telefon. V na\u0161\u00ed t\u0159\u00edd\u011b, kde bylo t\u0159icet dva d\u011bt\u00ed, jsme m\u011bli mobiln\u00ed telefony pouze dva \u017e\u00e1ci. J\u00e1 a jedna moje spolu\u017ea\u010dka. A spolu\u017ea\u010dka se mnou chodila do t\u0159\u00eddy, ale v lavici jsme spolu nesed\u011bly, proto\u017ee se spolu moc nebavily. Tohle ale nevad\u00ed. A kdy\u017e tohle zase taky beru zp\u011btn\u011b, tak si \u0159\u00edk\u00e1m, \u017ee jsem mo\u017en\u00e1 byla taky docela dost nafoukan\u00e1 kv\u016fli tomu, \u017ee jsem se chlubila t\u00edm, \u017ee m\u00e1m mobiln\u00ed telefon.A i kdy\u017e m\u011b to v\u016fbec nezaj\u00edm\u00e1. Tohle v\u0161echno jsem si uv\u011bdomila, kdy\u017e jsem zjistila, kolik ten mobiln\u00ed telefon st\u00e1l. A jenom\u017ee na\u0161e rodina byla opravdu hodn\u011b bohat\u00e1 a st\u00e1le je bohat\u00e1, tak\u017ee si moji rodi\u010de ten mobiln\u00ed telefon mohli dovolit, ani\u017e by jim to n\u011bjak moc vadilo. V dne\u0161n\u00ed dob\u011b je to \u00fapln\u011b jin\u00e9. \u017diji si sama sv\u016fj \u017eivot a bohat\u00e1 nejsem, ale v\u016fbec mi to nevad\u00ed. V\u00e1\u017e\u00edm si v\u00edce pen\u011bz a taky kdy\u017e si koup\u00edm n\u011bjak\u00fd kvalitn\u00ed mobiln\u00ed telefon, tak si na n\u011bm d\u00e1v\u00e1m z\u00e1le\u017eet a hl\u00edd\u00e1m si ho, aby se mi nerozbil, proto\u017ee na z\u00e1kladn\u00ed \u0161kole jsem rozbila t\u0159i mobiln\u00ed telefony a dodnes mi to mrz\u00ed, proto\u017ee jsem se o n\u011b tak moc nestarala. Mobiln\u00ed telefony jsou u\u017e hodn\u011b zn\u00e1m\u00e9, kter\u00fd m\u00e1 t\u00e9m\u011b\u0159 ka\u017ed\u00fd a n\u011bkdy i bez rozd\u00edlu v\u011bku. J\u00e1 u\u017e bych ani asi nespo\u010d\u00edtala ty mobiln\u00ed\u00a0telefony, kter\u00e9 jsem m\u011bla. V\u00edm, je to hrozn\u00e9, ale nejlep\u0161\u00ed na tom je, \u017ee jsme si to v\u0161echno\u00a0uv\u011bdomila a jsem jin\u00fd a lep\u0161\u00ed \u010dlov\u011bk.\u00a0                                                                                                                                                                                                                                                                                                                                                                                        4.3\/5 - (11 votes)        "},{"@context":"https:\/\/schema.org\/","@type":"BreadcrumbList","itemListElement":[{"@type":"ListItem","position":1,"name":"Mobil pro m\u011b","item":"https:\/\/www.cewood.cz\/mobil-pro-me\/#breadcrumbitem"}]}]