[{"@context":"https:\/\/schema.org\/","@type":"Article","@id":"https:\/\/www.cewood.cz\/sedaci-soupravy-i-pro-nejnarocnejsi\/#Article","mainEntityOfPage":"https:\/\/www.cewood.cz\/sedaci-soupravy-i-pro-nejnarocnejsi\/","headline":"Sedac\u00ed soupravy i pro nejn\u00e1ro\u010dn\u011bj\u0161\u00ed","name":"Sedac\u00ed soupravy i pro nejn\u00e1ro\u010dn\u011bj\u0161\u00ed","description":"Sezen\u00ed je sou\u010d\u00e1st\u00ed Va\u0161\u00ed ka\u017edodenn\u00ed aktivity. Sedac\u00ed soupravy jsou relaxace, kde se bez pohodl\u00ed neobejdete. M\u00e1me mnoho tip\u016f pro ty z V\u00e1s, kte\u0159\u00ed za\u0159izuj\u00ed nov\u00fd interi\u00e9r a je V\u00e1s mnoho, kte\u0159\u00ed p\u0159estavuj\u00ed a m\u011bn\u00ed vybaven\u00ed bytu. Na\u0161e \u0161irok\u00e1 nab\u00eddka V\u00e1m to usnadn\u00ed. Zm\u011bna sezen\u00ed v interi\u00e9ru je na del\u0161\u00ed dobu....","datePublished":"2025-01-04","dateModified":"2025-01-04","author":{"@type":"Person","@id":"https:\/\/www.cewood.cz\/author\/devene\/#Person","name":"devene","url":"https:\/\/www.cewood.cz\/author\/devene\/","identifier":1,"image":{"@type":"ImageObject","@id":"https:\/\/secure.gravatar.com\/avatar\/9d25b0af9840660883a67790aa4f595ddc226aa4680c4cf7bc03a25c14fcef85?s=96&d=mm&r=g","url":"https:\/\/secure.gravatar.com\/avatar\/9d25b0af9840660883a67790aa4f595ddc226aa4680c4cf7bc03a25c14fcef85?s=96&d=mm&r=g","height":96,"width":96}},"publisher":{"@type":"Organization","name":"cewood.cz","logo":{"@type":"ImageObject","@id":"\/logo.png","url":"\/logo.png","width":600,"height":60}},"url":"https:\/\/www.cewood.cz\/sedaci-soupravy-i-pro-nejnarocnejsi\/","wordCount":169,"articleBody":" Sezen\u00ed je sou\u010d\u00e1st\u00ed Va\u0161\u00ed ka\u017edodenn\u00ed aktivity. Sedac\u00ed soupravy jsou relaxace, kde se bez pohodl\u00ed neobejdete. M\u00e1me mnoho tip\u016f pro ty z V\u00e1s, kte\u0159\u00ed za\u0159izuj\u00ed nov\u00fd interi\u00e9r a je V\u00e1s mnoho, kte\u0159\u00ed p\u0159estavuj\u00ed a m\u011bn\u00ed vybaven\u00ed bytu. Na\u0161e \u0161irok\u00e1 nab\u00eddka V\u00e1m to usnadn\u00ed. Zm\u011bna sezen\u00ed v interi\u00e9ru je na del\u0161\u00ed dobu. Myslete dop\u0159edu. Jak\u00fd prostor za\u0159izujete, jak\u00fd m\u00e1te r\u00e1di styl a jak dolad\u00edte cel\u00fd byt. Projd\u011bte si n\u00e1\u0161 port\u00e1l, sedac\u00ed soupravy vyb\u00edr\u00e1te podle mnoha krit\u00e9ri\u00ed, klasick\u00e9, modern\u00ed design, rohov\u00e9, prostorov\u00e9. Na\u0161e slu\u017eby P\u0159i dne\u0161n\u00edch n\u00e1roc\u00edch na\u0161ich z\u00e1kazn\u00edk\u016f vych\u00e1z\u00edme vst\u0159\u00edc ka\u017ed\u00e9mu. Sto lid\u00ed, sto chut\u00ed a sto interi\u00e9r\u016f, sto sezen\u00ed. Sedac\u00ed soupravy nebo dobov\u00e9 pohovky s k\u0159esly. V nab\u00eddce si vyberete a my V\u00e1m s objedn\u00e1vkou navrhneme \u010daloun\u011bn\u00ed, materi\u00e1l, barvu podle Va\u0161ich p\u0159edstav.                                                                                                                                                                                                                                                                                                                                                                                                "},{"@context":"https:\/\/schema.org\/","@type":"BreadcrumbList","itemListElement":[{"@type":"ListItem","position":1,"name":"Sedac\u00ed soupravy i pro nejn\u00e1ro\u010dn\u011bj\u0161\u00ed","item":"https:\/\/www.cewood.cz\/sedaci-soupravy-i-pro-nejnarocnejsi\/#breadcrumbitem"}]}]